{"id":2491,"date":"2023-03-07T18:32:48","date_gmt":"2023-03-07T16:32:48","guid":{"rendered":"https:\/\/www.mamadelletimel.cat\/las-letras-de-carnaval\/"},"modified":"2023-03-07T18:38:01","modified_gmt":"2023-03-07T16:38:01","slug":"las-letras-de-carnaval","status":"publish","type":"post","link":"https:\/\/www.mamadelletimel.cat\/es\/las-letras-de-carnaval\/","title":{"rendered":"LAS LETRAS DE CARNAVAL"},"content":{"rendered":"<p>[et_pb_section fb_built=&#8221;1&#8243; _builder_version=&#8221;4.6.5&#8243; _module_preset=&#8221;default&#8221; global_colors_info=&#8221;{}&#8221; theme_builder_area=&#8221;post_content&#8221;][et_pb_row column_structure=&#8221;1_2,1_2&#8243; _builder_version=&#8221;4.6.5&#8243; _module_preset=&#8221;default&#8221; global_colors_info=&#8221;{}&#8221; theme_builder_area=&#8221;post_content&#8221;][et_pb_column type=&#8221;1_2&#8243; _builder_version=&#8221;4.6.5&#8243; _module_preset=&#8221;default&#8221; global_colors_info=&#8221;{}&#8221; theme_builder_area=&#8221;post_content&#8221;][et_pb_gallery gallery_ids=&#8221;2479,2477,2481,2483,2485,2487,2489&#8243; fullwidth=&#8221;on&#8221; _builder_version=&#8221;4.14.2&#8243; _module_preset=&#8221;default&#8221; hover_enabled=&#8221;0&#8243; global_colors_info=&#8221;{}&#8221; theme_builder_area=&#8221;post_content&#8221; sticky_enabled=&#8221;0&#8243;][\/et_pb_gallery][\/et_pb_column][et_pb_column type=&#8221;1_2&#8243; _builder_version=&#8221;4.6.5&#8243; _module_preset=&#8221;default&#8221; global_colors_info=&#8221;{}&#8221; theme_builder_area=&#8221;post_content&#8221;][et_pb_text _builder_version=&#8221;4.14.2&#8243; _module_preset=&#8221;default&#8221; text_font=&#8221;||||||||&#8221; text_font_size=&#8221;18px&#8221; text_line_height=&#8221;1.5em&#8221; hover_enabled=&#8221;0&#8243; global_colors_info=&#8221;{}&#8221; theme_builder_area=&#8221;post_content&#8221; sticky_enabled=&#8221;0&#8243;]<\/p>\n<p class=\"p1\">Las letras de CARNAVAL<\/p>\n<p class=\"p1\">Para aquellas poblaciones que el Carnaval todav\u00eda est\u00e1 \u201cvivo\u201d, \u00a1a\u00fan est\u00e1s a tiempo de hacer esta propuesta de la mesa sensorial de Carnaval!<\/p>\n<p class=\"p1\">Escondidas entre el confeti est\u00e1n las letras de CARNAVAL!<\/p>\n<p class=\"p1\">\u00a1Se deben encontrar y formar la palabra CARNAVAL!<\/p>\n<p class=\"p1\">Se pueden esconder tantas veces como se quiera. Y al final\u2026<span class=\"s1\">\ud83e\udd73\ud83e\udd73\ud83e\udd73<\/span> se puede jugar con el confeti, serpentinas, silbidos,\u2026 y hacer una propuesta de arte o mural con el material!<span class=\"Apple-converted-space\">\u00a0<\/span><\/p>\n<p>[\/et_pb_text][\/et_pb_column][\/et_pb_row][\/et_pb_section]<\/p>\n","protected":false},"excerpt":{"rendered":"<p>Las letras de CARNAVAL Para aquellas poblaciones que el Carnaval todav\u00eda est\u00e1 \u201cvivo\u201d, \u00a1a\u00fan est\u00e1s a tiempo de hacer esta propuesta de la mesa sensorial de Carnaval! Escondidas entre el confeti est\u00e1n las letras de CARNAVAL! \u00a1Se deben encontrar y formar la palabra CARNAVAL! Se pueden esconder tantas veces como se quiera. Y al final\u2026\ud83e\udd73\ud83e\udd73\ud83e\udd73 [&hellip;]<\/p>\n","protected":false},"author":3,"featured_media":2483,"comment_status":"open","ping_status":"open","sticky":false,"template":"","format":"standard","meta":{"_et_pb_use_builder":"on","_et_pb_old_content":"","_et_gb_content_width":"","footnotes":""},"categories":[41],"tags":[211,181,215,151],"class_list":["post-2491","post","type-post","status-publish","format-standard","has-post-thumbnail","hentry","category-actividad","tag-carnaval-es","tag-lectoescriptura-es","tag-letras","tag-sensorial-es"],"_links":{"self":[{"href":"https:\/\/www.mamadelletimel.cat\/es\/wp-json\/wp\/v2\/posts\/2491","targetHints":{"allow":["GET"]}}],"collection":[{"href":"https:\/\/www.mamadelletimel.cat\/es\/wp-json\/wp\/v2\/posts"}],"about":[{"href":"https:\/\/www.mamadelletimel.cat\/es\/wp-json\/wp\/v2\/types\/post"}],"author":[{"embeddable":true,"href":"https:\/\/www.mamadelletimel.cat\/es\/wp-json\/wp\/v2\/users\/3"}],"replies":[{"embeddable":true,"href":"https:\/\/www.mamadelletimel.cat\/es\/wp-json\/wp\/v2\/comments?post=2491"}],"version-history":[{"count":3,"href":"https:\/\/www.mamadelletimel.cat\/es\/wp-json\/wp\/v2\/posts\/2491\/revisions"}],"predecessor-version":[{"id":2494,"href":"https:\/\/www.mamadelletimel.cat\/es\/wp-json\/wp\/v2\/posts\/2491\/revisions\/2494"}],"wp:featuredmedia":[{"embeddable":true,"href":"https:\/\/www.mamadelletimel.cat\/es\/wp-json\/wp\/v2\/media\/2483"}],"wp:attachment":[{"href":"https:\/\/www.mamadelletimel.cat\/es\/wp-json\/wp\/v2\/media?parent=2491"}],"wp:term":[{"taxonomy":"category","embeddable":true,"href":"https:\/\/www.mamadelletimel.cat\/es\/wp-json\/wp\/v2\/categories?post=2491"},{"taxonomy":"post_tag","embeddable":true,"href":"https:\/\/www.mamadelletimel.cat\/es\/wp-json\/wp\/v2\/tags?post=2491"}],"curies":[{"name":"wp","href":"https:\/\/api.w.org\/{rel}","templated":true}]}}