{"id":2466,"date":"2023-03-07T18:20:58","date_gmt":"2023-03-07T16:20:58","guid":{"rendered":"https:\/\/www.mamadelletimel.cat\/carnaval\/"},"modified":"2023-03-07T18:22:04","modified_gmt":"2023-03-07T16:22:04","slug":"carnaval","status":"publish","type":"post","link":"https:\/\/www.mamadelletimel.cat\/es\/carnaval\/","title":{"rendered":"CARNAVAL!"},"content":{"rendered":"<p>[et_pb_section fb_built=&#8221;1&#8243; _builder_version=&#8221;4.6.5&#8243; _module_preset=&#8221;default&#8221; global_colors_info=&#8221;{}&#8221; theme_builder_area=&#8221;post_content&#8221;][et_pb_row column_structure=&#8221;1_2,1_2&#8243; _builder_version=&#8221;4.6.5&#8243; _module_preset=&#8221;default&#8221; global_colors_info=&#8221;{}&#8221; theme_builder_area=&#8221;post_content&#8221;][et_pb_column type=&#8221;1_2&#8243; _builder_version=&#8221;4.6.5&#8243; _module_preset=&#8221;default&#8221; global_colors_info=&#8221;{}&#8221; theme_builder_area=&#8221;post_content&#8221;][et_pb_gallery gallery_ids=&#8221;2464,2460,2458,2462&#8243; fullwidth=&#8221;on&#8221; _builder_version=&#8221;4.14.2&#8243; _module_preset=&#8221;default&#8221; hover_enabled=&#8221;0&#8243; global_colors_info=&#8221;{}&#8221; theme_builder_area=&#8221;post_content&#8221; sticky_enabled=&#8221;0&#8243;][\/et_pb_gallery][\/et_pb_column][et_pb_column type=&#8221;1_2&#8243; _builder_version=&#8221;4.6.5&#8243; _module_preset=&#8221;default&#8221; global_colors_info=&#8221;{}&#8221; theme_builder_area=&#8221;post_content&#8221;][et_pb_text _builder_version=&#8221;4.14.2&#8243; _module_preset=&#8221;default&#8221; text_font=&#8221;||||||||&#8221; text_font_size=&#8221;18px&#8221; text_line_height=&#8221;1.5em&#8221; hover_enabled=&#8221;0&#8243; global_colors_info=&#8221;{}&#8221; theme_builder_area=&#8221;post_content&#8221; sticky_enabled=&#8221;0&#8243;]<\/p>\n<p class=\"p1\">\u00a1Carnaval!<\/p>\n<p class=\"p1\">\u00a1Un cl\u00e1sico! M\u00e1scara y mano de escayola!<\/p>\n<p class=\"p1\">\u00a1A m\u00ed me transporta a cuando era peque\u00f1a y lo hac\u00edamos en la escuela!<\/p>\n<p class=\"p1\">\u00bfSe acuerda???<\/p>\n<p class=\"p1\">Luego lo decoramos con pinturas acr\u00edlicas, confeti, purpurina,\u2026<\/p>\n<p class=\"p1\">La m\u00edtica crema Nivea va muy bien para estas ocasiones y me recuerda a mi abuela <span class=\"s1\">\ud83d\udc9c\ud83d\udc9c\ud83d\udc9c\ud83d\udc9c<\/span><\/p>\n<p>[\/et_pb_text][\/et_pb_column][\/et_pb_row][\/et_pb_section]<\/p>\n","protected":false},"excerpt":{"rendered":"<p>\u00a1Carnaval! \u00a1Un cl\u00e1sico! M\u00e1scara y mano de escayola! \u00a1A m\u00ed me transporta a cuando era peque\u00f1a y lo hac\u00edamos en la escuela! \u00bfSe acuerda??? Luego lo decoramos con pinturas acr\u00edlicas, confeti, purpurina,\u2026 La m\u00edtica crema Nivea va muy bien para estas ocasiones y me recuerda a mi abuela \ud83d\udc9c\ud83d\udc9c\ud83d\udc9c\ud83d\udc9c<\/p>\n","protected":false},"author":3,"featured_media":2464,"comment_status":"open","ping_status":"open","sticky":false,"template":"","format":"standard","meta":{"_et_pb_use_builder":"on","_et_pb_old_content":"","_et_gb_content_width":"","footnotes":""},"categories":[41],"tags":[211,213,212],"class_list":["post-2466","post","type-post","status-publish","format-standard","has-post-thumbnail","hentry","category-actividad","tag-carnaval-es","tag-escayola","tag-mascara-es"],"_links":{"self":[{"href":"https:\/\/www.mamadelletimel.cat\/es\/wp-json\/wp\/v2\/posts\/2466","targetHints":{"allow":["GET"]}}],"collection":[{"href":"https:\/\/www.mamadelletimel.cat\/es\/wp-json\/wp\/v2\/posts"}],"about":[{"href":"https:\/\/www.mamadelletimel.cat\/es\/wp-json\/wp\/v2\/types\/post"}],"author":[{"embeddable":true,"href":"https:\/\/www.mamadelletimel.cat\/es\/wp-json\/wp\/v2\/users\/3"}],"replies":[{"embeddable":true,"href":"https:\/\/www.mamadelletimel.cat\/es\/wp-json\/wp\/v2\/comments?post=2466"}],"version-history":[{"count":3,"href":"https:\/\/www.mamadelletimel.cat\/es\/wp-json\/wp\/v2\/posts\/2466\/revisions"}],"predecessor-version":[{"id":2469,"href":"https:\/\/www.mamadelletimel.cat\/es\/wp-json\/wp\/v2\/posts\/2466\/revisions\/2469"}],"wp:featuredmedia":[{"embeddable":true,"href":"https:\/\/www.mamadelletimel.cat\/es\/wp-json\/wp\/v2\/media\/2464"}],"wp:attachment":[{"href":"https:\/\/www.mamadelletimel.cat\/es\/wp-json\/wp\/v2\/media?parent=2466"}],"wp:term":[{"taxonomy":"category","embeddable":true,"href":"https:\/\/www.mamadelletimel.cat\/es\/wp-json\/wp\/v2\/categories?post=2466"},{"taxonomy":"post_tag","embeddable":true,"href":"https:\/\/www.mamadelletimel.cat\/es\/wp-json\/wp\/v2\/tags?post=2466"}],"curies":[{"name":"wp","href":"https:\/\/api.w.org\/{rel}","templated":true}]}}