{"id":2123,"date":"2023-01-02T22:56:36","date_gmt":"2023-01-02T20:56:36","guid":{"rendered":"https:\/\/www.mamadelletimel.cat\/flores-y-perfumes\/"},"modified":"2023-01-02T22:57:58","modified_gmt":"2023-01-02T20:57:58","slug":"flores-y-perfumes","status":"publish","type":"post","link":"https:\/\/www.mamadelletimel.cat\/es\/flores-y-perfumes\/","title":{"rendered":"FLORES Y PERFUMES"},"content":{"rendered":"<p>[et_pb_section fb_built=&#8221;1&#8243; _builder_version=&#8221;4.6.5&#8243; _module_preset=&#8221;default&#8221; global_colors_info=&#8221;{}&#8221;][et_pb_row column_structure=&#8221;1_2,1_2&#8243; _builder_version=&#8221;4.6.5&#8243; _module_preset=&#8221;default&#8221; global_colors_info=&#8221;{}&#8221;][et_pb_column type=&#8221;1_2&#8243; _builder_version=&#8221;4.6.5&#8243; _module_preset=&#8221;default&#8221; global_colors_info=&#8221;{}&#8221;][et_pb_gallery gallery_ids=&#8221;2118,2108,2102,2112,2110,2104,2098,2106,2100,2116,2120&#8243; fullwidth=&#8221;on&#8221; _builder_version=&#8221;4.14.2&#8243; _module_preset=&#8221;default&#8221; hover_enabled=&#8221;0&#8243; global_colors_info=&#8221;{}&#8221; sticky_enabled=&#8221;0&#8243;][\/et_pb_gallery][\/et_pb_column][et_pb_column type=&#8221;1_2&#8243; _builder_version=&#8221;4.6.5&#8243; _module_preset=&#8221;default&#8221; global_colors_info=&#8221;{}&#8221;][et_pb_text _builder_version=&#8221;4.14.2&#8243; _module_preset=&#8221;default&#8221; text_font=&#8221;||||||||&#8221; text_font_size=&#8221;18px&#8221; text_line_height=&#8221;1.5em&#8221; hover_enabled=&#8221;0&#8243; global_colors_info=&#8221;{}&#8221; sticky_enabled=&#8221;0&#8243;]<\/p>\n<p class=\"p1\">Despu\u00e9s de un tiempo rodeadas de flores, colores y olores, \u00a1no pod\u00eda faltar una propuesta de experimentaci\u00f3n primaveral!<\/p>\n<p class=\"p1\">Hemos cogido flores de diferentes colores, tama\u00f1os y olores y las hemos aplastado, mezclado con agua, pasado por el colador, puesto en vaporizadores, traspasado con cuentagotas y pipetas,\u2026<\/p>\n<p class=\"p1\">\u00a1Una bonita propuesta para estimular todos los sentidos!<\/p>\n<p>[\/et_pb_text][\/et_pb_column][\/et_pb_row][\/et_pb_section]<\/p>\n","protected":false},"excerpt":{"rendered":"<p>Despu\u00e9s de un tiempo rodeadas de flores, colores y olores, \u00a1no pod\u00eda faltar una propuesta de experimentaci\u00f3n primaveral! Hemos cogido flores de diferentes colores, tama\u00f1os y olores y las hemos aplastado, mezclado con agua, pasado por el colador, puesto en vaporizadores, traspasado con cuentagotas y pipetas,\u2026 \u00a1Una bonita propuesta para estimular todos los sentidos!<\/p>\n","protected":false},"author":3,"featured_media":2118,"comment_status":"open","ping_status":"open","sticky":false,"template":"","format":"standard","meta":{"_et_pb_use_builder":"on","_et_pb_old_content":"","_et_gb_content_width":"","footnotes":""},"categories":[41],"tags":[91,140,141,139],"class_list":["post-2123","post","type-post","status-publish","format-standard","has-post-thumbnail","hentry","category-actividad","tag-experimentacion","tag-flores","tag-perfume","tag-primavera-es"],"_links":{"self":[{"href":"https:\/\/www.mamadelletimel.cat\/es\/wp-json\/wp\/v2\/posts\/2123","targetHints":{"allow":["GET"]}}],"collection":[{"href":"https:\/\/www.mamadelletimel.cat\/es\/wp-json\/wp\/v2\/posts"}],"about":[{"href":"https:\/\/www.mamadelletimel.cat\/es\/wp-json\/wp\/v2\/types\/post"}],"author":[{"embeddable":true,"href":"https:\/\/www.mamadelletimel.cat\/es\/wp-json\/wp\/v2\/users\/3"}],"replies":[{"embeddable":true,"href":"https:\/\/www.mamadelletimel.cat\/es\/wp-json\/wp\/v2\/comments?post=2123"}],"version-history":[{"count":3,"href":"https:\/\/www.mamadelletimel.cat\/es\/wp-json\/wp\/v2\/posts\/2123\/revisions"}],"predecessor-version":[{"id":2126,"href":"https:\/\/www.mamadelletimel.cat\/es\/wp-json\/wp\/v2\/posts\/2123\/revisions\/2126"}],"wp:featuredmedia":[{"embeddable":true,"href":"https:\/\/www.mamadelletimel.cat\/es\/wp-json\/wp\/v2\/media\/2118"}],"wp:attachment":[{"href":"https:\/\/www.mamadelletimel.cat\/es\/wp-json\/wp\/v2\/media?parent=2123"}],"wp:term":[{"taxonomy":"category","embeddable":true,"href":"https:\/\/www.mamadelletimel.cat\/es\/wp-json\/wp\/v2\/categories?post=2123"},{"taxonomy":"post_tag","embeddable":true,"href":"https:\/\/www.mamadelletimel.cat\/es\/wp-json\/wp\/v2\/tags?post=2123"}],"curies":[{"name":"wp","href":"https:\/\/api.w.org\/{rel}","templated":true}]}}