{"id":1499,"date":"2021-06-25T17:31:06","date_gmt":"2021-06-25T15:31:06","guid":{"rendered":"https:\/\/www.mamadelletimel.cat\/bizcocho-de-platano-y-chocolate\/"},"modified":"2023-06-20T19:52:49","modified_gmt":"2023-06-20T17:52:49","slug":"bizcocho-de-platano-y-chocolate","status":"publish","type":"post","link":"https:\/\/www.mamadelletimel.cat\/es\/bizcocho-de-platano-y-chocolate\/","title":{"rendered":"BIZCOCHO DE PL\u00c1TANO Y CHOCOLATE"},"content":{"rendered":"<p>[et_pb_section fb_built=&#8221;1&#8243; _builder_version=&#8221;4.16&#8243; _module_preset=&#8221;default&#8221; custom_padding=&#8221;||3px|||&#8221; global_colors_info=&#8221;{}&#8221;][et_pb_row column_structure=&#8221;1_2,1_2&#8243; _builder_version=&#8221;4.16&#8243; _module_preset=&#8221;default&#8221; global_colors_info=&#8221;{}&#8221;][et_pb_column type=&#8221;1_2&#8243; _builder_version=&#8221;4.16&#8243; _module_preset=&#8221;default&#8221; global_colors_info=&#8221;{}&#8221;][et_pb_gallery gallery_ids=&#8221;1494,1496&#8243; fullwidth=&#8221;on&#8221; _builder_version=&#8221;4.16&#8243; _module_preset=&#8221;default&#8221; global_colors_info=&#8221;{}&#8221;][\/et_pb_gallery][\/et_pb_column][et_pb_column type=&#8221;1_2&#8243; _builder_version=&#8221;4.16&#8243; _module_preset=&#8221;default&#8221; global_colors_info=&#8221;{}&#8221;][et_pb_text _builder_version=&#8221;4.16&#8243; _module_preset=&#8221;default&#8221; text_font=&#8221;||||||||&#8221; text_font_size=&#8221;18px&#8221; text_line_height=&#8221;1.5em&#8221; global_colors_info=&#8221;{}&#8221;]<\/p>\n<p class=\"p1\">BIZCOCHO DE PL\u00c1TANO Y CHOCOLATE<span class=\"Apple-converted-space\">\u00a0<\/span><\/p>\n<p class=\"p1\">Qu\u00e9 delicia de bizcocho<span class=\"Apple-converted-space\">\u00a0 <\/span>!! \u00d1aaam !! Y sin gluten! \ud83e\udd24<\/p>\n<p class=\"p1\">Ya llevamos unas cuantas veces haci\u00e9ndolo porque nos encanta !!<\/p>\n<p class=\"p1\"><span class=\"s1\">\ud83c\udf81<\/span> Os regalo la receta para que tambi\u00e9n lo pod\u00e1is disfrutar!<\/p>\n<p>[\/et_pb_text][\/et_pb_column][\/et_pb_row][\/et_pb_section][et_pb_section fb_built=&#8221;1&#8243; _builder_version=&#8221;4.16&#8243; _module_preset=&#8221;default&#8221; custom_padding=&#8221;1px|||||&#8221; global_colors_info=&#8221;{}&#8221;][et_pb_row _builder_version=&#8221;4.16&#8243; _module_preset=&#8221;default&#8221; background_color=&#8221;#efefef&#8221; custom_padding=&#8221;|60px|13px|60px|false|false&#8221; border_radii=&#8221;on|30px|30px|30px|30px&#8221; global_colors_info=&#8221;{}&#8221;][et_pb_column type=&#8221;4_4&#8243; _builder_version=&#8221;4.16&#8243; _module_preset=&#8221;default&#8221; global_colors_info=&#8221;{}&#8221;][et_pb_text _builder_version=&#8221;4.16&#8243; _module_preset=&#8221;default&#8221; text_font=&#8221;HarrietText|700|||||||&#8221; text_font_size=&#8221;32px&#8221; global_colors_info=&#8221;{}&#8221;]<\/p>\n<p>Ingredientes<\/p>\n<p>[\/et_pb_text][et_pb_text _builder_version=&#8221;4.20.2&#8243; _module_preset=&#8221;default&#8221; hover_enabled=&#8221;0&#8243; global_colors_info=&#8221;{}&#8221; sticky_enabled=&#8221;0&#8243;]<\/p>\n<p class=\"p1\">&#8211; 85g de chocolate negro (m\u00ednimo 80%)<\/p>\n<p class=\"p1\">&#8211; 100g de mantequilla bio<\/p>\n<p class=\"p1\">&#8211; 50g de az\u00facar de coco o 60g de pasta de d\u00e1til<\/p>\n<p class=\"p1\">&#8211; 3 huevos<\/p>\n<p class=\"p1\">&#8211; 3-4 pl\u00e1tanos maduros (como m\u00e1s maduros mejor!)<\/p>\n<p class=\"p1\">&#8211; 85g de harina de almendra<\/p>\n<p class=\"p1\">&#8211; 65g harina de arroz<\/p>\n<p class=\"p1\">&#8211; Una pizca de sal<\/p>\n<p class=\"p1\">&#8211; Una cucharadita de levadura en polvo bio<\/p>\n<p>&#8211; 1\/4 cucharadita de bicarbonato de sodio<\/p>\n<p class=\"p1\">&#8211; 1\/2 cucharadita de canela<\/p>\n<p class=\"p1\">&#8211; Pu\u00f1ado de nueces (opcional)<\/p>\n<p>[\/et_pb_text][\/et_pb_column][\/et_pb_row][et_pb_row _builder_version=&#8221;4.16&#8243; _module_preset=&#8221;default&#8221; global_colors_info=&#8221;{}&#8221;][et_pb_column type=&#8221;4_4&#8243; _builder_version=&#8221;4.16&#8243; _module_preset=&#8221;default&#8221; global_colors_info=&#8221;{}&#8221;][et_pb_text _builder_version=&#8221;4.16&#8243; _module_preset=&#8221;default&#8221; text_font=&#8221;HarrietText|700|||||||&#8221; text_font_size=&#8221;32px&#8221; global_colors_info=&#8221;{}&#8221;]<\/p>\n<p>Preparaci\u00f3n<\/p>\n<p>[\/et_pb_text][et_pb_text _builder_version=&#8221;4.16&#8243; _module_preset=&#8221;default&#8221; global_colors_info=&#8221;{}&#8221;]<\/p>\n<p class=\"p1\">Tritura el chocolate negro en trocitos muy peque\u00f1os y reserva.<\/p>\n<p class=\"p1\">Mezcla la mantequilla, el az\u00facar de coco, los huevos y los pl\u00e1tanos. Luego a\u00f1ade la harina de almendra, la harina de arroz, el chocolate, la sal, la levadura y la canela. Mezcla todo bien hasta conseguir una masa homog\u00e9nea.<\/p>\n<p class=\"p1\">Rellena el molde del pastel. Por encima puedes decorarlo con trocitos de nueces.<\/p>\n<p class=\"p1\">Ponlo en el horno unos 30 minutos.<\/p>\n<p class=\"p1\">Deja enfriar sobre una rejilla y listo.<\/p>\n<p class=\"p1\">Buen provecho !!!<\/p>\n<p>[\/et_pb_text][\/et_pb_column][\/et_pb_row][\/et_pb_section]<\/p>\n","protected":false},"excerpt":{"rendered":"<p>BIZCOCHO DE PL\u00c1TANO Y CHOCOLATE\u00a0 Qu\u00e9 delicia de bizcocho\u00a0 !! \u00d1aaam !! Y sin gluten! \ud83e\udd24 Ya llevamos unas cuantas veces haci\u00e9ndolo porque nos encanta !! \ud83c\udf81 Os regalo la receta para que tambi\u00e9n lo pod\u00e1is disfrutar!Ingredientes- 85g de chocolate negro (m\u00ednimo 80%) &#8211; 100g de mantequilla bio &#8211; 50g de az\u00facar de coco o [&hellip;]<\/p>\n","protected":false},"author":3,"featured_media":1494,"comment_status":"closed","ping_status":"closed","sticky":false,"template":"","format":"standard","meta":{"_et_pb_use_builder":"on","_et_pb_old_content":"","_et_gb_content_width":"","footnotes":""},"categories":[40],"tags":[],"class_list":["post-1499","post","type-post","status-publish","format-standard","has-post-thumbnail","hentry","category-recepta"],"_links":{"self":[{"href":"https:\/\/www.mamadelletimel.cat\/es\/wp-json\/wp\/v2\/posts\/1499","targetHints":{"allow":["GET"]}}],"collection":[{"href":"https:\/\/www.mamadelletimel.cat\/es\/wp-json\/wp\/v2\/posts"}],"about":[{"href":"https:\/\/www.mamadelletimel.cat\/es\/wp-json\/wp\/v2\/types\/post"}],"author":[{"embeddable":true,"href":"https:\/\/www.mamadelletimel.cat\/es\/wp-json\/wp\/v2\/users\/3"}],"replies":[{"embeddable":true,"href":"https:\/\/www.mamadelletimel.cat\/es\/wp-json\/wp\/v2\/comments?post=1499"}],"version-history":[{"count":7,"href":"https:\/\/www.mamadelletimel.cat\/es\/wp-json\/wp\/v2\/posts\/1499\/revisions"}],"predecessor-version":[{"id":2535,"href":"https:\/\/www.mamadelletimel.cat\/es\/wp-json\/wp\/v2\/posts\/1499\/revisions\/2535"}],"wp:featuredmedia":[{"embeddable":true,"href":"https:\/\/www.mamadelletimel.cat\/es\/wp-json\/wp\/v2\/media\/1494"}],"wp:attachment":[{"href":"https:\/\/www.mamadelletimel.cat\/es\/wp-json\/wp\/v2\/media?parent=1499"}],"wp:term":[{"taxonomy":"category","embeddable":true,"href":"https:\/\/www.mamadelletimel.cat\/es\/wp-json\/wp\/v2\/categories?post=1499"},{"taxonomy":"post_tag","embeddable":true,"href":"https:\/\/www.mamadelletimel.cat\/es\/wp-json\/wp\/v2\/tags?post=1499"}],"curies":[{"name":"wp","href":"https:\/\/api.w.org\/{rel}","templated":true}]}}