{"id":1277,"date":"2021-04-17T17:51:21","date_gmt":"2021-04-17T15:51:21","guid":{"rendered":"https:\/\/www.mamadelletimel.cat\/mandarinas\/"},"modified":"2021-10-23T22:01:44","modified_gmt":"2021-10-23T20:01:44","slug":"mandarinas","status":"publish","type":"post","link":"https:\/\/www.mamadelletimel.cat\/es\/mandarinas\/","title":{"rendered":"MANDARINAS"},"content":{"rendered":"<p>[et_pb_section fb_built=&#8221;1&#8243; _builder_version=&#8221;4.6.5&#8243; _module_preset=&#8221;default&#8221;][et_pb_row column_structure=&#8221;1_2,1_2&#8243; _builder_version=&#8221;4.6.5&#8243; _module_preset=&#8221;default&#8221;][et_pb_column type=&#8221;1_2&#8243; _builder_version=&#8221;4.6.5&#8243; _module_preset=&#8221;default&#8221;][et_pb_gallery gallery_ids=&#8221;1269,1273,1275,1265,1267,1271&#8243; fullwidth=&#8221;on&#8221; _builder_version=&#8221;4.8.2&#8243; _module_preset=&#8221;default&#8221;][\/et_pb_gallery][\/et_pb_column][et_pb_column type=&#8221;1_2&#8243; _builder_version=&#8221;4.6.5&#8243; _module_preset=&#8221;default&#8221;][et_pb_text _builder_version=&#8221;4.8.2&#8243; _module_preset=&#8221;default&#8221; text_font=&#8221;||||||||&#8221; text_font_size=&#8221;18px&#8221; text_line_height=&#8221;1.5em&#8221;]<\/p>\n<p class=\"p1\">MANDARINAS <span class=\"s1\">\ud83c\udf4a\ud83c\udf4a<\/span><\/p>\n<p class=\"p1\">Por si comprais mandarinas en la recta final de la temporada y no te salen muy buenas, os hago dos propuestas sensoriales para aprovecharlas! <span class=\"s1\">\ud83d\ude09<\/span><\/p>\n<p class=\"p1\">Pieles de mandarina secadas y trituradas para llenar, vaciar, trasvesar, coger, observar, tocar, oler &#8230; Es incre\u00edble el olor que hace !! Os perfumar\u00e1 toda la habitaci\u00f3n!<\/p>\n<p class=\"p1\">Rodajas de mandarina secadas para poner al agua, para \u201cpescarlas\u201d, cogerlas de diversas maneras, para hacer &#8220;infusi\u00f3n&#8221; de mandarina, para observar como son, para apilar, para tocar, &#8230;<\/p>\n<p>[\/et_pb_text][\/et_pb_column][\/et_pb_row][\/et_pb_section]<\/p>\n","protected":false},"excerpt":{"rendered":"<p>MANDARINAS \ud83c\udf4a\ud83c\udf4a Por si comprais mandarinas en la recta final de la temporada y no te salen muy buenas, os hago dos propuestas sensoriales para aprovecharlas! \ud83d\ude09 Pieles de mandarina secadas y trituradas para llenar, vaciar, trasvesar, coger, observar, tocar, oler &#8230; Es incre\u00edble el olor que hace !! Os perfumar\u00e1 toda la habitaci\u00f3n! Rodajas [&hellip;]<\/p>\n","protected":false},"author":3,"featured_media":1269,"comment_status":"open","ping_status":"open","sticky":false,"template":"","format":"standard","meta":{"_et_pb_use_builder":"on","_et_pb_old_content":"","_et_gb_content_width":"","footnotes":""},"categories":[41],"tags":[],"class_list":["post-1277","post","type-post","status-publish","format-standard","has-post-thumbnail","hentry","category-actividad"],"_links":{"self":[{"href":"https:\/\/www.mamadelletimel.cat\/es\/wp-json\/wp\/v2\/posts\/1277","targetHints":{"allow":["GET"]}}],"collection":[{"href":"https:\/\/www.mamadelletimel.cat\/es\/wp-json\/wp\/v2\/posts"}],"about":[{"href":"https:\/\/www.mamadelletimel.cat\/es\/wp-json\/wp\/v2\/types\/post"}],"author":[{"embeddable":true,"href":"https:\/\/www.mamadelletimel.cat\/es\/wp-json\/wp\/v2\/users\/3"}],"replies":[{"embeddable":true,"href":"https:\/\/www.mamadelletimel.cat\/es\/wp-json\/wp\/v2\/comments?post=1277"}],"version-history":[{"count":6,"href":"https:\/\/www.mamadelletimel.cat\/es\/wp-json\/wp\/v2\/posts\/1277\/revisions"}],"predecessor-version":[{"id":1371,"href":"https:\/\/www.mamadelletimel.cat\/es\/wp-json\/wp\/v2\/posts\/1277\/revisions\/1371"}],"wp:featuredmedia":[{"embeddable":true,"href":"https:\/\/www.mamadelletimel.cat\/es\/wp-json\/wp\/v2\/media\/1269"}],"wp:attachment":[{"href":"https:\/\/www.mamadelletimel.cat\/es\/wp-json\/wp\/v2\/media?parent=1277"}],"wp:term":[{"taxonomy":"category","embeddable":true,"href":"https:\/\/www.mamadelletimel.cat\/es\/wp-json\/wp\/v2\/categories?post=1277"},{"taxonomy":"post_tag","embeddable":true,"href":"https:\/\/www.mamadelletimel.cat\/es\/wp-json\/wp\/v2\/tags?post=1277"}],"curies":[{"name":"wp","href":"https:\/\/api.w.org\/{rel}","templated":true}]}}